{"id":48513,"date":"2025-05-16T13:59:28","date_gmt":"2025-05-16T11:59:28","guid":{"rendered":"https:\/\/www.wertherint.com\/?p=48513"},"modified":"2025-05-16T16:41:54","modified_gmt":"2025-05-16T14:41:54","slug":"7-maggio-2025-werther-aggiudicata-in-asta-giudiziale","status":"publish","type":"post","link":"https:\/\/www.wertherint.com\/it\/news-ed-eventi\/7-maggio-2025-werther-aggiudicata-in-asta-giudiziale\/","title":{"rendered":"7 Maggio 2025: Werther aggiudicata in asta giudiziale"},"content":{"rendered":"\n<p>La Procedura di liquidazione giudiziale delle societ\u00e0 Werther International s.p.a. e Sicam s.r.l. comunica con<br>grande soddisfazione che, dopo quasi un anno di attivit\u00e0 condotta in esercizio provvisorio, durante la quale<br>il sostegno dei partners e del mercato non \u00e8 mai venuto a mancare, finalmente in data 7 maggio i due<br>compendi aziendali \u201cWerther\u201d e \u201cSicam\u201d sono stati aggiudicati a Davers s.r.l., di cui \u00e8 amministratore e<br>socio il sig. Marco Gibertoni.<\/p>\n\n\n\n<div class=\"wp-container-1 wp-block-buttons\">\n<div class=\"wp-block-button aligncenter is-style-outline\"><a class=\"wp-block-button__link\" href=\"https:\/\/www.wertherint.com\/wp-content\/uploads\/pdf\/250515_ComunicatoWerther-Sicam.pdf\" target=\"_blank\" rel=\"noreferrer noopener\">Leggi Il Comunicato<\/a><\/div>\n<\/div>\n\n\n\n<div class=\"wp-block-image\"><figure class=\"aligncenter size-full\"><img loading=\"lazy\" width=\"861\" height=\"600\" src=\"https:\/\/www.wertherint.com\/wp-content\/uploads\/2025\/05\/sicam_Werther.jpg\" alt=\"\" class=\"wp-image-48514\" srcset=\"https:\/\/www.wertherint.com\/wp-content\/uploads\/2025\/05\/sicam_Werther.jpg 861w, https:\/\/www.wertherint.com\/wp-content\/uploads\/2025\/05\/sicam_Werther-300x209.jpg 300w, https:\/\/www.wertherint.com\/wp-content\/uploads\/2025\/05\/sicam_Werther-768x535.jpg 768w, https:\/\/www.wertherint.com\/wp-content\/uploads\/2025\/05\/sicam_Werther-540x376.jpg 540w\" sizes=\"(max-width: 861px) 100vw, 861px\" \/><\/figure><\/div>\n","protected":false},"excerpt":{"rendered":"La Procedura di liquidazione giudiziale delle societ\u00e0 Werther International s.p.a. e Sicam s.r.l. comunica congrande soddisfazione che, dopo quasi un anno di attivit\u00e0 condotta in esercizio provvisorio, durante&hellip;","protected":false},"author":1,"featured_media":48514,"comment_status":"closed","ping_status":"closed","sticky":false,"template":"","format":"standard","meta":[],"categories":[20],"tags":[],"yoast_head":"<!-- This site is optimized with the Yoast SEO plugin v18.3 - https:\/\/yoast.com\/wordpress\/plugins\/seo\/ -->\n<title>7 Maggio 2025: Werther aggiudicata in asta giudiziale - Werther International S.p.A.<\/title>\n<meta name=\"robots\" content=\"index, follow, max-snippet:-1, max-image-preview:large, max-video-preview:-1\" \/>\n<link rel=\"canonical\" href=\"https:\/\/www.wertherint.com\/it\/news-ed-eventi\/7-maggio-2025-werther-aggiudicata-in-asta-giudiziale\/\" \/>\n<meta property=\"og:locale\" content=\"it_IT\" \/>\n<meta property=\"og:type\" content=\"article\" \/>\n<meta property=\"og:title\" content=\"7 Maggio 2025: Werther aggiudicata in asta giudiziale - Werther International S.p.A.\" \/>\n<meta property=\"og:description\" content=\"La Procedura di liquidazione giudiziale delle societ\u00e0 Werther International s.p.a. e Sicam s.r.l. comunica congrande soddisfazione che, dopo quasi un anno di attivit\u00e0 condotta in esercizio provvisorio, durante&hellip;\" \/>\n<meta property=\"og:url\" content=\"https:\/\/www.wertherint.com\/it\/news-ed-eventi\/7-maggio-2025-werther-aggiudicata-in-asta-giudiziale\/\" \/>\n<meta property=\"og:site_name\" content=\"Werther International S.p.A.\" \/>\n<meta property=\"article:published_time\" content=\"2025-05-16T11:59:28+00:00\" \/>\n<meta property=\"article:modified_time\" content=\"2025-05-16T14:41:54+00:00\" \/>\n<meta property=\"og:image\" content=\"https:\/\/www.wertherint.com\/wp-content\/uploads\/2025\/05\/sicam_Werther.jpg\" \/>\n\t<meta property=\"og:image:width\" content=\"861\" \/>\n\t<meta property=\"og:image:height\" content=\"600\" \/>\n\t<meta property=\"og:image:type\" content=\"image\/jpeg\" \/>\n<meta name=\"twitter:card\" content=\"summary_large_image\" \/>\n<meta name=\"twitter:label1\" content=\"Scritto da\" \/>\n\t<meta name=\"twitter:data1\" content=\"davidevs1\" \/>\n\t<meta name=\"twitter:label2\" content=\"Tempo di lettura stimato\" \/>\n\t<meta name=\"twitter:data2\" content=\"1 minuto\" \/>\n<script type=\"application\/ld+json\" class=\"yoast-schema-graph\">{\"@context\":\"https:\/\/schema.org\",\"@graph\":[{\"@type\":\"Organization\",\"@id\":\"https:\/\/www.wertherint.com\/#organization\",\"name\":\"Werther International S.p.A.\",\"url\":\"https:\/\/www.wertherint.com\/\",\"sameAs\":[],\"logo\":{\"@type\":\"ImageObject\",\"@id\":\"https:\/\/www.wertherint.com\/#logo\",\"inLanguage\":\"it-IT\",\"url\":\"https:\/\/www.wertherint.com\/wp-content\/uploads\/2020\/04\/logo-werther.png\",\"contentUrl\":\"https:\/\/www.wertherint.com\/wp-content\/uploads\/2020\/04\/logo-werther.png\",\"width\":600,\"height\":600,\"caption\":\"Werther International S.p.A.\"},\"image\":{\"@id\":\"https:\/\/www.wertherint.com\/#logo\"}},{\"@type\":\"WebSite\",\"@id\":\"https:\/\/www.wertherint.com\/#website\",\"url\":\"https:\/\/www.wertherint.com\/\",\"name\":\"Werther International S.p.A.\",\"description\":\"Garage Equipment and Wheel Service Equipment\",\"publisher\":{\"@id\":\"https:\/\/www.wertherint.com\/#organization\"},\"potentialAction\":[{\"@type\":\"SearchAction\",\"target\":{\"@type\":\"EntryPoint\",\"urlTemplate\":\"https:\/\/www.wertherint.com\/?s={search_term_string}\"},\"query-input\":\"required name=search_term_string\"}],\"inLanguage\":\"it-IT\"},{\"@type\":\"ImageObject\",\"@id\":\"https:\/\/www.wertherint.com\/it\/news-ed-eventi\/7-maggio-2025-werther-aggiudicata-in-asta-giudiziale\/#primaryimage\",\"inLanguage\":\"it-IT\",\"url\":\"https:\/\/www.wertherint.com\/wp-content\/uploads\/2025\/05\/sicam_Werther.jpg\",\"contentUrl\":\"https:\/\/www.wertherint.com\/wp-content\/uploads\/2025\/05\/sicam_Werther.jpg\",\"width\":861,\"height\":600},{\"@type\":\"WebPage\",\"@id\":\"https:\/\/www.wertherint.com\/it\/news-ed-eventi\/7-maggio-2025-werther-aggiudicata-in-asta-giudiziale\/#webpage\",\"url\":\"https:\/\/www.wertherint.com\/it\/news-ed-eventi\/7-maggio-2025-werther-aggiudicata-in-asta-giudiziale\/\",\"name\":\"7 Maggio 2025: Werther aggiudicata in asta giudiziale - Werther International S.p.A.\",\"isPartOf\":{\"@id\":\"https:\/\/www.wertherint.com\/#website\"},\"primaryImageOfPage\":{\"@id\":\"https:\/\/www.wertherint.com\/it\/news-ed-eventi\/7-maggio-2025-werther-aggiudicata-in-asta-giudiziale\/#primaryimage\"},\"datePublished\":\"2025-05-16T11:59:28+00:00\",\"dateModified\":\"2025-05-16T14:41:54+00:00\",\"breadcrumb\":{\"@id\":\"https:\/\/www.wertherint.com\/it\/news-ed-eventi\/7-maggio-2025-werther-aggiudicata-in-asta-giudiziale\/#breadcrumb\"},\"inLanguage\":\"it-IT\",\"potentialAction\":[{\"@type\":\"ReadAction\",\"target\":[\"https:\/\/www.wertherint.com\/it\/news-ed-eventi\/7-maggio-2025-werther-aggiudicata-in-asta-giudiziale\/\"]}]},{\"@type\":\"BreadcrumbList\",\"@id\":\"https:\/\/www.wertherint.com\/it\/news-ed-eventi\/7-maggio-2025-werther-aggiudicata-in-asta-giudiziale\/#breadcrumb\",\"itemListElement\":[{\"@type\":\"ListItem\",\"position\":1,\"name\":\"Home\",\"item\":\"https:\/\/www.scissor-post-lifts.com\/it\/\"},{\"@type\":\"ListItem\",\"position\":2,\"name\":\"News &amp; Eventi\",\"item\":\"https:\/\/www.wertherint.com\/it\/.\/news-ed-eventi\/\"},{\"@type\":\"ListItem\",\"position\":3,\"name\":\"7 Maggio 2025: Werther aggiudicata in asta giudiziale\"}]},{\"@type\":\"Article\",\"@id\":\"https:\/\/www.wertherint.com\/it\/news-ed-eventi\/7-maggio-2025-werther-aggiudicata-in-asta-giudiziale\/#article\",\"isPartOf\":{\"@id\":\"https:\/\/www.wertherint.com\/it\/news-ed-eventi\/7-maggio-2025-werther-aggiudicata-in-asta-giudiziale\/#webpage\"},\"author\":{\"@id\":\"https:\/\/www.wertherint.com\/#\/schema\/person\/07a1b51d383a148c564170cbc7cd9ad3\"},\"headline\":\"7 Maggio 2025: Werther aggiudicata in asta giudiziale\",\"datePublished\":\"2025-05-16T11:59:28+00:00\",\"dateModified\":\"2025-05-16T14:41:54+00:00\",\"mainEntityOfPage\":{\"@id\":\"https:\/\/www.wertherint.com\/it\/news-ed-eventi\/7-maggio-2025-werther-aggiudicata-in-asta-giudiziale\/#webpage\"},\"wordCount\":80,\"publisher\":{\"@id\":\"https:\/\/www.wertherint.com\/#organization\"},\"image\":{\"@id\":\"https:\/\/www.wertherint.com\/it\/news-ed-eventi\/7-maggio-2025-werther-aggiudicata-in-asta-giudiziale\/#primaryimage\"},\"thumbnailUrl\":\"https:\/\/www.wertherint.com\/wp-content\/uploads\/2025\/05\/sicam_Werther.jpg\",\"articleSection\":[\"News &amp; Eventi\"],\"inLanguage\":\"it-IT\"},{\"@type\":\"Person\",\"@id\":\"https:\/\/www.wertherint.com\/#\/schema\/person\/07a1b51d383a148c564170cbc7cd9ad3\",\"name\":\"davidevs1\",\"image\":{\"@type\":\"ImageObject\",\"@id\":\"https:\/\/www.wertherint.com\/#personlogo\",\"inLanguage\":\"it-IT\",\"url\":\"https:\/\/secure.gravatar.com\/avatar\/7569ebeb7736497276fc8eb57493bb7a?s=96&d=mm&r=g\",\"contentUrl\":\"https:\/\/secure.gravatar.com\/avatar\/7569ebeb7736497276fc8eb57493bb7a?s=96&d=mm&r=g\",\"caption\":\"davidevs1\"}}]}<\/script>\n<!-- \/ Yoast SEO plugin. -->","yoast_head_json":{"title":"7 Maggio 2025: Werther aggiudicata in asta giudiziale - Werther International S.p.A.","robots":{"index":"index","follow":"follow","max-snippet":"max-snippet:-1","max-image-preview":"max-image-preview:large","max-video-preview":"max-video-preview:-1"},"canonical":"https:\/\/www.wertherint.com\/it\/news-ed-eventi\/7-maggio-2025-werther-aggiudicata-in-asta-giudiziale\/","og_locale":"it_IT","og_type":"article","og_title":"7 Maggio 2025: Werther aggiudicata in asta giudiziale - Werther International S.p.A.","og_description":"La Procedura di liquidazione giudiziale delle societ\u00e0 Werther International s.p.a. e Sicam s.r.l. comunica congrande soddisfazione che, dopo quasi un anno di attivit\u00e0 condotta in esercizio provvisorio, durante&hellip;","og_url":"https:\/\/www.wertherint.com\/it\/news-ed-eventi\/7-maggio-2025-werther-aggiudicata-in-asta-giudiziale\/","og_site_name":"Werther International S.p.A.","article_published_time":"2025-05-16T11:59:28+00:00","article_modified_time":"2025-05-16T14:41:54+00:00","og_image":[{"width":861,"height":600,"url":"https:\/\/www.wertherint.com\/wp-content\/uploads\/2025\/05\/sicam_Werther.jpg","type":"image\/jpeg"}],"twitter_card":"summary_large_image","twitter_misc":{"Scritto da":"davidevs1","Tempo di lettura stimato":"1 minuto"},"schema":{"@context":"https:\/\/schema.org","@graph":[{"@type":"Organization","@id":"https:\/\/www.wertherint.com\/#organization","name":"Werther International S.p.A.","url":"https:\/\/www.wertherint.com\/","sameAs":[],"logo":{"@type":"ImageObject","@id":"https:\/\/www.wertherint.com\/#logo","inLanguage":"it-IT","url":"https:\/\/www.wertherint.com\/wp-content\/uploads\/2020\/04\/logo-werther.png","contentUrl":"https:\/\/www.wertherint.com\/wp-content\/uploads\/2020\/04\/logo-werther.png","width":600,"height":600,"caption":"Werther International S.p.A."},"image":{"@id":"https:\/\/www.wertherint.com\/#logo"}},{"@type":"WebSite","@id":"https:\/\/www.wertherint.com\/#website","url":"https:\/\/www.wertherint.com\/","name":"Werther International S.p.A.","description":"Garage Equipment and Wheel Service Equipment","publisher":{"@id":"https:\/\/www.wertherint.com\/#organization"},"potentialAction":[{"@type":"SearchAction","target":{"@type":"EntryPoint","urlTemplate":"https:\/\/www.wertherint.com\/?s={search_term_string}"},"query-input":"required name=search_term_string"}],"inLanguage":"it-IT"},{"@type":"ImageObject","@id":"https:\/\/www.wertherint.com\/it\/news-ed-eventi\/7-maggio-2025-werther-aggiudicata-in-asta-giudiziale\/#primaryimage","inLanguage":"it-IT","url":"https:\/\/www.wertherint.com\/wp-content\/uploads\/2025\/05\/sicam_Werther.jpg","contentUrl":"https:\/\/www.wertherint.com\/wp-content\/uploads\/2025\/05\/sicam_Werther.jpg","width":861,"height":600},{"@type":"WebPage","@id":"https:\/\/www.wertherint.com\/it\/news-ed-eventi\/7-maggio-2025-werther-aggiudicata-in-asta-giudiziale\/#webpage","url":"https:\/\/www.wertherint.com\/it\/news-ed-eventi\/7-maggio-2025-werther-aggiudicata-in-asta-giudiziale\/","name":"7 Maggio 2025: Werther aggiudicata in asta giudiziale - Werther International S.p.A.","isPartOf":{"@id":"https:\/\/www.wertherint.com\/#website"},"primaryImageOfPage":{"@id":"https:\/\/www.wertherint.com\/it\/news-ed-eventi\/7-maggio-2025-werther-aggiudicata-in-asta-giudiziale\/#primaryimage"},"datePublished":"2025-05-16T11:59:28+00:00","dateModified":"2025-05-16T14:41:54+00:00","breadcrumb":{"@id":"https:\/\/www.wertherint.com\/it\/news-ed-eventi\/7-maggio-2025-werther-aggiudicata-in-asta-giudiziale\/#breadcrumb"},"inLanguage":"it-IT","potentialAction":[{"@type":"ReadAction","target":["https:\/\/www.wertherint.com\/it\/news-ed-eventi\/7-maggio-2025-werther-aggiudicata-in-asta-giudiziale\/"]}]},{"@type":"BreadcrumbList","@id":"https:\/\/www.wertherint.com\/it\/news-ed-eventi\/7-maggio-2025-werther-aggiudicata-in-asta-giudiziale\/#breadcrumb","itemListElement":[{"@type":"ListItem","position":1,"name":"Home","item":"https:\/\/www.scissor-post-lifts.com\/it\/"},{"@type":"ListItem","position":2,"name":"News &amp; Eventi","item":"https:\/\/www.wertherint.com\/it\/.\/news-ed-eventi\/"},{"@type":"ListItem","position":3,"name":"7 Maggio 2025: Werther aggiudicata in asta giudiziale"}]},{"@type":"Article","@id":"https:\/\/www.wertherint.com\/it\/news-ed-eventi\/7-maggio-2025-werther-aggiudicata-in-asta-giudiziale\/#article","isPartOf":{"@id":"https:\/\/www.wertherint.com\/it\/news-ed-eventi\/7-maggio-2025-werther-aggiudicata-in-asta-giudiziale\/#webpage"},"author":{"@id":"https:\/\/www.wertherint.com\/#\/schema\/person\/07a1b51d383a148c564170cbc7cd9ad3"},"headline":"7 Maggio 2025: Werther aggiudicata in asta giudiziale","datePublished":"2025-05-16T11:59:28+00:00","dateModified":"2025-05-16T14:41:54+00:00","mainEntityOfPage":{"@id":"https:\/\/www.wertherint.com\/it\/news-ed-eventi\/7-maggio-2025-werther-aggiudicata-in-asta-giudiziale\/#webpage"},"wordCount":80,"publisher":{"@id":"https:\/\/www.wertherint.com\/#organization"},"image":{"@id":"https:\/\/www.wertherint.com\/it\/news-ed-eventi\/7-maggio-2025-werther-aggiudicata-in-asta-giudiziale\/#primaryimage"},"thumbnailUrl":"https:\/\/www.wertherint.com\/wp-content\/uploads\/2025\/05\/sicam_Werther.jpg","articleSection":["News &amp; Eventi"],"inLanguage":"it-IT"},{"@type":"Person","@id":"https:\/\/www.wertherint.com\/#\/schema\/person\/07a1b51d383a148c564170cbc7cd9ad3","name":"davidevs1","image":{"@type":"ImageObject","@id":"https:\/\/www.wertherint.com\/#personlogo","inLanguage":"it-IT","url":"https:\/\/secure.gravatar.com\/avatar\/7569ebeb7736497276fc8eb57493bb7a?s=96&d=mm&r=g","contentUrl":"https:\/\/secure.gravatar.com\/avatar\/7569ebeb7736497276fc8eb57493bb7a?s=96&d=mm&r=g","caption":"davidevs1"}}]}},"acf":[],"_links":{"self":[{"href":"https:\/\/www.wertherint.com\/it\/wp-json\/wp\/v2\/posts\/48513"}],"collection":[{"href":"https:\/\/www.wertherint.com\/it\/wp-json\/wp\/v2\/posts"}],"about":[{"href":"https:\/\/www.wertherint.com\/it\/wp-json\/wp\/v2\/types\/post"}],"author":[{"embeddable":true,"href":"https:\/\/www.wertherint.com\/it\/wp-json\/wp\/v2\/users\/1"}],"replies":[{"embeddable":true,"href":"https:\/\/www.wertherint.com\/it\/wp-json\/wp\/v2\/comments?post=48513"}],"version-history":[{"count":3,"href":"https:\/\/www.wertherint.com\/it\/wp-json\/wp\/v2\/posts\/48513\/revisions"}],"predecessor-version":[{"id":48532,"href":"https:\/\/www.wertherint.com\/it\/wp-json\/wp\/v2\/posts\/48513\/revisions\/48532"}],"wp:featuredmedia":[{"embeddable":true,"href":"https:\/\/www.wertherint.com\/it\/wp-json\/wp\/v2\/media\/48514"}],"wp:attachment":[{"href":"https:\/\/www.wertherint.com\/it\/wp-json\/wp\/v2\/media?parent=48513"}],"wp:term":[{"taxonomy":"category","embeddable":true,"href":"https:\/\/www.wertherint.com\/it\/wp-json\/wp\/v2\/categories?post=48513"},{"taxonomy":"post_tag","embeddable":true,"href":"https:\/\/www.wertherint.com\/it\/wp-json\/wp\/v2\/tags?post=48513"}],"curies":[{"name":"wp","href":"https:\/\/api.w.org\/{rel}","templated":true}]}}